{"id":4728,"date":"2024-05-10T14:28:10","date_gmt":"2024-05-10T12:28:10","guid":{"rendered":"https:\/\/www.anais.digital\/?p=4728"},"modified":"2024-11-26T07:19:22","modified_gmt":"2024-11-26T06:19:22","slug":"conferences-ux-et-tech","status":"publish","type":"post","link":"https:\/\/www.anais.digital\/fr\/conferences-ux-et-tech\/","title":{"rendered":"Les conf\u00e9rences UX et tech \u00e0 ne pas manquer en 2024 (s\u00e9lection Europe)"},"content":{"rendered":"\n<figure class=\"wp-block-image size-full\"><img fetchpriority=\"high\" decoding=\"async\" width=\"1024\" height=\"576\" src=\"https:\/\/www.anais.digital\/wp-content\/uploads\/2024\/07\/Template-blog-7.png\" alt=\"Image de couverture de l'article : Conf\u00e9rences UX et tech\" class=\"wp-image-5357\" srcset=\"https:\/\/www.anais.digital\/wp-content\/uploads\/2024\/07\/Template-blog-7.png 1024w, https:\/\/www.anais.digital\/wp-content\/uploads\/2024\/07\/Template-blog-7-300x169.png 300w, https:\/\/www.anais.digital\/wp-content\/uploads\/2024\/07\/Template-blog-7-768x432.png 768w\" sizes=\"(max-width: 1024px) 100vw, 1024px\" \/><\/figure>\n\n\n\n<p>L&rsquo;univers de l&rsquo;<a href=\"https:\/\/www.anais.digital\/expertise\/user-experience\/\">UX Design<\/a> et des technologies \u00e9volue \u00e0 un rythme effr\u00e9n\u00e9. Pour rester \u00e0 la pointe dans ces domaines, il faut non seulement acqu\u00e9rir des bases solides, mais \u00e9galement suivre constamment derni\u00e8res tendances, tester les nouveaux outils et se tenir \u00e0 jour sur les nouvelles bonnes pratiques.<\/p>\n\n\n\n<p>Participer \u00e0 des conf\u00e9rences est une des mani\u00e8res les plus efficaces de suivre les nouveaut\u00e9s, d\u00e9couvrir les derni\u00e8res technologies et d&rsquo;\u00e9largir son r\u00e9seau professionnel.<\/p>\n\n\n\n<p>Dans cet esprit, Anais Digital vous pr\u00e9sente un guide des conf\u00e9rences UX et tech \u00e0 ne pas manquer en 2024 en Europe.<\/p>\n\n\n\n<h2 class=\"wp-block-heading\">Conf\u00e9rences UX et Tech 2024 : Archives <\/h2>\n\n\n\n<h2 class=\"wp-block-heading\"><strong>DDX \u201824 Munich | 11 Mai | Munich, Allemagne<\/strong><\/h2>\n\n\n\n<figure class=\"wp-block-image size-large\"><img decoding=\"async\" width=\"1024\" height=\"553\" src=\"https:\/\/www.anais.digital\/wp-content\/uploads\/2024\/05\/image-1024x553.png\" alt=\"\" class=\"wp-image-4729\" srcset=\"https:\/\/www.anais.digital\/wp-content\/uploads\/2024\/05\/image-1024x553.png 1024w, https:\/\/www.anais.digital\/wp-content\/uploads\/2024\/05\/image-300x162.png 300w, https:\/\/www.anais.digital\/wp-content\/uploads\/2024\/05\/image-768x415.png 768w, https:\/\/www.anais.digital\/wp-content\/uploads\/2024\/05\/image-1536x830.png 1536w, https:\/\/www.anais.digital\/wp-content\/uploads\/2024\/05\/image.png 1920w\" sizes=\"(max-width: 1024px) 100vw, 1024px\" \/><\/figure>\n\n\n\n<p>La conf\u00e9rence DDX Innovation &amp; UX est un \u00e9v\u00e9nement phare pr\u00e9vu pour le samedi 11 mai 2024 \u00e0 Munich, en Allemagne. Cette conf\u00e9rence vise \u00e0 explorer la convergence des technologies \u00e9mergentes et de l&rsquo;exp\u00e9rience utilisateur sous le th\u00e8me de la \u00ab\u00a0Cr\u00e9ativit\u00e9 augment\u00e9e et de l&rsquo;Innovation\u00a0\u00bb. L&rsquo;\u00e9v\u00e9nement promet un programme riche avec des intervenants internationaux issus de grandes marques, de startups et de cabinets de conseil, abordant des sujets tels que l&rsquo;impact de l&rsquo;IA sur l&rsquo;innovation num\u00e9rique et l&rsquo;avenir des exp\u00e9riences humaines num\u00e9riques.<\/p>\n\n\n\n<p>Les participants peuvent s&rsquo;attendre \u00e0 30 intervenants, 8 ateliers pratiques et des opportunit\u00e9s de r\u00e9seautage avec plus de 300 invit\u00e9s. La conf\u00e9rence comprendra \u00e9galement une c\u00e9r\u00e9monie de remise de prix et une soir\u00e9e apr\u00e8s l&rsquo;\u00e9v\u00e9nement, offrant un cadre id\u00e9al pour les innovateurs de divers domaines tels que le design, la technologie et le marketing pour acqu\u00e9rir des connaissances, partager des savoirs et tisser des liens. Parmi les principaux intervenants figurent Paqui Lizana d&rsquo;IKEA et des cadres de grandes entreprises comme Google et la Society of Industrial Designers of America.<\/p>\n\n\n\n<p><strong>Intervenants \u00e0 ne pas manquer :<\/strong><\/p>\n\n\n\n<ol class=\"wp-block-list\">\n<li><strong>Sebastian Gier<\/strong> &#8211; Co-fondateur de Footprint &amp; DDX, intervenant sur le th\u00e8me \u00ab\u00a0Designing for positive impact\u00a0\u00bb.<\/li>\n\n\n\n<li><strong>Prof. Veronika Ritzer<\/strong> &#8211; Professeure \u00e0 la Technische Hochschule Ingolstadt, discutant du \u00ab\u00a0Human Touch in Interaction Design\u00a0\u00bb.<\/li>\n\n\n\n<li><strong>Axel Unger<\/strong> &#8211; Leader ex\u00e9cutif en design, ancien d&rsquo;IDEO, pr\u00e9sentant sur \u00ab\u00a0How AI is Revolutionizing the Future for Designers, Innovators, and Entrepreneurs\u00a0\u00bb.<\/li>\n\n\n\n<li><strong>Clive Grinyer<\/strong> &#8211; Leader en design, ancien d&rsquo;Orange, Samsung et Cisco, qui parlera de \u00ab\u00a0Design, Leadership &amp; Business\u00a0\u00bb.<\/li>\n\n\n\n<li><strong>Mustafa Kurtuldu<\/strong> &#8211; De Meta (anciennement Twitter, Google), qui abordera \u00ab\u00a0Hacking User Perception\u00a0\u00bb.<\/li>\n<\/ol>\n\n\n\n<p><strong>O\u00f9 :<\/strong> dans le hub innovant du Munich Urban Colab \u00e0 Munich.<\/p>\n\n\n\n<p><strong>Quand : <\/strong>11 mai 2024<\/p>\n\n\n\n<p><strong>Id\u00e9al pour :<\/strong> Tous les passionn\u00e9s d&rsquo;UX et de design, des d\u00e9butants aux professionnels.<\/p>\n\n\n\n<p>Programme et inscriptions pour <strong><a href=\"https:\/\/www.ddxconference.com\/ddx-24-munich\" target=\"_blank\" rel=\"noreferrer noopener\">DDX \u201824 Munich<\/a><\/strong>.<\/p>\n\n\n\n<h2 class=\"wp-block-heading\"><strong>UX360 Research Summit Berlin | 16-17 mai 2024 | Berlin, Allemagne<\/strong><\/h2>\n\n\n\n<figure class=\"wp-block-image size-large\"><img decoding=\"async\" width=\"1024\" height=\"647\" src=\"https:\/\/www.anais.digital\/wp-content\/uploads\/2024\/05\/image-1-1024x647.png\" alt=\"\" class=\"wp-image-4732\" srcset=\"https:\/\/www.anais.digital\/wp-content\/uploads\/2024\/05\/image-1-1024x647.png 1024w, https:\/\/www.anais.digital\/wp-content\/uploads\/2024\/05\/image-1-300x190.png 300w, https:\/\/www.anais.digital\/wp-content\/uploads\/2024\/05\/image-1-768x486.png 768w, https:\/\/www.anais.digital\/wp-content\/uploads\/2024\/05\/image-1.png 1213w\" sizes=\"(max-width: 1024px) 100vw, 1024px\" \/><\/figure>\n\n\n\n<p>Cet \u00e9v\u00e9nement met en avant les derni\u00e8res avanc\u00e9es en recherche en UX et design, couvrant tout le processus, de la planification \u00e0 l&rsquo;analyse et \u00e0 la mise en \u0153uvre des insights UX. Les participants auront l&rsquo;occasion d&rsquo;assister \u00e0 des pr\u00e9sentations de leaders d&rsquo;opinion mondiaux et de marques internationales, de participer \u00e0 des discussions interactives en panel et \u00e0 des rencontres en t\u00eate-\u00e0-t\u00eate.&nbsp;<\/p>\n\n\n\n<p><strong>O\u00f9 :<\/strong> \u00e0 l&rsquo;h\u00f4tel Leonardo Royal Berlin Alexanderplatz, Berlin, Allemagne.<\/p>\n\n\n\n<p><strong>Quand : <\/strong>16 au 17 mai 2024.<\/p>\n\n\n\n<p><strong>Id\u00e9al pour :<\/strong> Professionnels de la recherche en UX et passionn\u00e9s du domaine de l&rsquo;exp\u00e9rience utilisateur.<\/p>\n\n\n\n<p><strong>Intervenants \u00e0 ne pas manquer :<\/strong><\/p>\n\n\n\n<ol class=\"wp-block-list\">\n<li><strong>Javier Bargas-Avila <\/strong>&#8211; Directeur, Google Play UX Research chez Google<\/li>\n\n\n\n<li><strong>Flavius Kehr <\/strong>&#8211; Responsable de l&rsquo;UX chez SAP<\/li>\n\n\n\n<li><strong>Vanessa Arango<\/strong> &#8211; Directrice de la Recherche UX chez Delivery Hero<\/li>\n\n\n\n<li><strong>Emmanuelle Savarit<\/strong> &#8211; Responsable de la Recherche Utilisateur Globale chez Just Eat Takeaway.com<\/li>\n\n\n\n<li><strong>Niels Wolf<\/strong> &#8211; Responsable Mondial du Design Digital chez Philips<\/li>\n<\/ol>\n\n\n\n<p>Programme et inscriptions pour <strong><a href=\"https:\/\/www.eu.ux360summit.com\/\" target=\"_blank\" rel=\"noopener\">UX360 Research Summit Berlin 2024<\/a><\/strong>.<\/p>\n\n\n\n<h2 class=\"wp-block-heading\"><strong>VivaTechnology | 22-25 mai 2024 | Paris, France<\/strong><\/h2>\n\n\n\n<figure class=\"wp-block-image size-large\"><img loading=\"lazy\" decoding=\"async\" width=\"1024\" height=\"483\" src=\"https:\/\/www.anais.digital\/wp-content\/uploads\/2024\/05\/image-2-1024x483.png\" alt=\"\" class=\"wp-image-4735\" srcset=\"https:\/\/www.anais.digital\/wp-content\/uploads\/2024\/05\/image-2-1024x483.png 1024w, https:\/\/www.anais.digital\/wp-content\/uploads\/2024\/05\/image-2-300x141.png 300w, https:\/\/www.anais.digital\/wp-content\/uploads\/2024\/05\/image-2-768x362.png 768w, https:\/\/www.anais.digital\/wp-content\/uploads\/2024\/05\/image-2-1536x724.png 1536w, https:\/\/www.anais.digital\/wp-content\/uploads\/2024\/05\/image-2.png 1719w\" sizes=\"(max-width: 1024px) 100vw, 1024px\" \/><\/figure>\n\n\n\n<p>VivaTech est le plus grand \u00e9v\u00e9nement europ\u00e9en d\u00e9di\u00e9 aux startups et \u00e0 la technologie, r\u00e9unissant plus de 150 000 participants, dont des leaders du secteur technologique, des grandes entreprises, des investisseurs et des m\u00e9dias.<\/p>\n\n\n\n<p>Avec plus de 11 400 startups et 2 800 exposants, VivaTech offre une plateforme in\u00e9gal\u00e9e pour explorer les derni\u00e8res tendances technologiques, rencontrer des innovateurs et des investisseurs, et d\u00e9couvrir les innovations les plus r\u00e9centes. Des conf\u00e9rences, des \u00e9v\u00e9nements de networking et des pr\u00e9sentations de startups fournissent une exp\u00e9rience immersive pour fa\u00e7onner l&rsquo;avenir de la technologie et stimuler les opportunit\u00e9s commerciales.<\/p>\n\n\n\n<p><strong>Intervenants \u00e0 ne pas manquer :<\/strong><\/p>\n\n\n\n<ol class=\"wp-block-list\">\n<li><strong>Charles Michel<\/strong> &#8211; Pr\u00e9sident d&rsquo;European Council<\/li>\n\n\n\n<li><strong>Eric Schmidt <\/strong>&#8211; Ancien PDG et pr\u00e9sident ex\u00e9cutif de Google<\/li>\n\n\n\n<li><strong>Linda&nbsp;Yaccarino<\/strong> &#8211; CEO de X<\/li>\n\n\n\n<li><strong>Dr. Werner Vogels <\/strong>&#8211; CTO chez AMAZON.COM<\/li>\n\n\n\n<li><strong>Christel Heydemann<\/strong> &#8211; CEO d&rsquo;Orange<\/li>\n<\/ol>\n\n\n\n<p><strong>O\u00f9 :<\/strong> Paris<\/p>\n\n\n\n<p><strong>Quand :<\/strong> 22 au 25 Mai 2024<\/p>\n\n\n\n<p><strong>Id\u00e9al pour :<\/strong> les entrepreneurs, les startups, les investisseurs, les cadres dirigeants et les professionnels de la technologie \u00e0 la recherche d&rsquo;innovations, de partenariats strat\u00e9giques et d&rsquo;opportunit\u00e9s d&rsquo;investissement<\/p>\n\n\n\n<p>Programme et inscriptions pour <a href=\"https:\/\/vivatechnology.com\/\" target=\"_blank\" rel=\"noopener\"><strong>Vivatechnology<\/strong><\/a><\/p>\n\n\n\n<h2 class=\"wp-block-heading\"><strong>UX Days | 20-21 juin 2024 | Paris, France<\/strong><\/h2>\n\n\n\n<figure class=\"wp-block-image size-large\"><img loading=\"lazy\" decoding=\"async\" width=\"1024\" height=\"473\" src=\"https:\/\/www.anais.digital\/wp-content\/uploads\/2024\/05\/image-3-1024x473.png\" alt=\"\" class=\"wp-image-4738\" srcset=\"https:\/\/www.anais.digital\/wp-content\/uploads\/2024\/05\/image-3-1024x473.png 1024w, https:\/\/www.anais.digital\/wp-content\/uploads\/2024\/05\/image-3-300x139.png 300w, https:\/\/www.anais.digital\/wp-content\/uploads\/2024\/05\/image-3-768x355.png 768w, https:\/\/www.anais.digital\/wp-content\/uploads\/2024\/05\/image-3-1536x710.png 1536w, https:\/\/www.anais.digital\/wp-content\/uploads\/2024\/05\/image-3.png 1801w\" sizes=\"(max-width: 1024px) 100vw, 1024px\" \/><\/figure>\n\n\n\n<p>Les UX Days sont l&rsquo;\u00e9v\u00e9nement international francophone incontournable d\u00e9di\u00e9 \u00e0 l&rsquo;exp\u00e9rience utilisateur. Avec des conf\u00e9rences inspirantes, des ateliers pratiques et une soir\u00e9e communautaire, ils offrent une occasion unique de rencontrer des experts du domaine et d&rsquo;\u00e9changer avec des professionnels passionn\u00e9s d&rsquo;UX.<\/p>\n\n\n\n<p>Les participants auront l&rsquo;opportunit\u00e9 de d\u00e9couvrir les derni\u00e8res tendances en mati\u00e8re d&rsquo;exp\u00e9rience utilisateur, d&rsquo;am\u00e9liorer ses comp\u00e9tences et d&rsquo;avancer dans sa carri\u00e8re dans le domaine de l&rsquo;UX. En 2023, les UX Days ont rassembl\u00e9 37 intervenants pour animer 40 conf\u00e9rences et 12 ateliers, attirant un total de 800 participants. L&rsquo;\u00e9dition pr\u00e9vue pour 2024 promet d&rsquo;\u00eatre encore plus enrichissante.<\/p>\n\n\n\n<p><strong>O\u00f9 :<\/strong> Paris<\/p>\n\n\n\n<p><strong>Quand :<\/strong> 20 et 21 Juin 2024<\/p>\n\n\n\n<p><strong>Id\u00e9al pour :<\/strong> Tous les passionn\u00e9s d&rsquo;UX, de design thinking, d&rsquo;agilit\u00e9, de management de projet num\u00e9rique, des <em>serious games<\/em>, et de design sprint\u200b\u200b.<\/p>\n\n\n\n<p>Programme et inscriptions pour <strong><a href=\"https:\/\/www.uxdays.eu\/\" target=\"_blank\" rel=\"noopener\">UX Days 2024<\/a>.<\/strong><\/p>\n\n\n\n<h2 class=\"wp-block-heading\"><strong>UXCon Vienna 2024 | 19\u201320 Septembre 2024 | Vienne, Autriche<\/strong><\/h2>\n\n\n\n<figure class=\"wp-block-image size-large\"><img loading=\"lazy\" decoding=\"async\" width=\"1024\" height=\"503\" src=\"https:\/\/www.anais.digital\/wp-content\/uploads\/2024\/05\/image-4-1024x503.png\" alt=\"\" class=\"wp-image-4741\" srcset=\"https:\/\/www.anais.digital\/wp-content\/uploads\/2024\/05\/image-4-1024x503.png 1024w, https:\/\/www.anais.digital\/wp-content\/uploads\/2024\/05\/image-4-300x147.png 300w, https:\/\/www.anais.digital\/wp-content\/uploads\/2024\/05\/image-4-768x377.png 768w, https:\/\/www.anais.digital\/wp-content\/uploads\/2024\/05\/image-4-1536x754.png 1536w, https:\/\/www.anais.digital\/wp-content\/uploads\/2024\/05\/image-4.png 1737w\" sizes=\"(max-width: 1024px) 100vw, 1024px\" \/><\/figure>\n\n\n\n<p>UXCon Vienna est la premi\u00e8re conf\u00e9rence internationale de Vienne d\u00e9di\u00e9e \u00e0 la recherche UX et \u00e0 la conception UX. Cette plateforme offre un \u00e9change professionnel et construit un pont entre la sc\u00e8ne europ\u00e9enne de l&rsquo;UX et les pionniers aux \u00c9tats-Unis.<\/p>\n\n\n\n<p>De nombreuses th\u00e9matiques seront abord\u00e9es lors de cet \u00e9v\u00e9nement notamment l&rsquo;advanced research, la psychologie de l&rsquo;UX, l&rsquo;UX Writing, l&rsquo;IA et l&rsquo;avenir de l&rsquo;UX, le d\u00e9veloppement personnel, la recherche et conception ops, l&rsquo;\u00e9thique et durabilit\u00e9, la mesure de l&rsquo;UX et enfin l&rsquo;accessibilit\u00e9 et conception inclusive.<\/p>\n\n\n\n<p><strong>Intervenants \u00e0 ne pas manquer :<\/strong><\/p>\n\n\n\n<ol class=\"wp-block-list\">\n<li><strong>Giles Colborne<\/strong> &#8211; PDG de cx partners<\/li>\n\n\n\n<li><strong>Mick&nbsp;Champayne<\/strong> &#8211; concepteur visuel senior chez Google.<\/li>\n\n\n\n<li><strong>Vitaly&nbsp;Friedman<\/strong> &#8211; UX designer, conf\u00e9rencier et fondateur du magazine smashing.&nbsp;<\/li>\n\n\n\n<li><strong>Molly&nbsp;Stevens<\/strong> &#8211; directeur principal de l&rsquo;exp\u00e9rience utilisateur, Booking.com<\/li>\n\n\n\n<li><strong>Katy Mogal<\/strong> &#8211; UX leader, ex Google | Meta | Fitbit<\/li>\n<\/ol>\n\n\n\n<p><strong>O\u00f9 :<\/strong> Expedithalle,&nbsp;Absberggasse 27, 1100, Vienne<\/p>\n\n\n\n<p><strong>Quand : <\/strong>19 et 20 septembre 2024<\/p>\n\n\n\n<p><strong>Id\u00e9al pour :<\/strong> Tous les passionn\u00e9s du design UX et de la recherche UX, qu&rsquo;ils soient d\u00e9butants ou professionnels.<\/p>\n\n\n\n<p>Programme et inscriptions pour <strong><a href=\"https:\/\/www.uxcon.at\/\" target=\"_blank\" rel=\"noreferrer noopener\">UXCon Vienna 2024<\/a><\/strong>.<\/p>\n\n\n\n<h2 class=\"wp-block-heading\"><strong>SmashingConf&nbsp;| 28\u201331 octobre 2024 | Anvers, Belgique<\/strong><\/h2>\n\n\n\n<figure class=\"wp-block-image size-large\"><img loading=\"lazy\" decoding=\"async\" width=\"1024\" height=\"752\" src=\"https:\/\/www.anais.digital\/wp-content\/uploads\/2024\/05\/image-5-1024x752.png\" alt=\"\" class=\"wp-image-4744\" srcset=\"https:\/\/www.anais.digital\/wp-content\/uploads\/2024\/05\/image-5-1024x752.png 1024w, https:\/\/www.anais.digital\/wp-content\/uploads\/2024\/05\/image-5-300x220.png 300w, https:\/\/www.anais.digital\/wp-content\/uploads\/2024\/05\/image-5-768x564.png 768w, https:\/\/www.anais.digital\/wp-content\/uploads\/2024\/05\/image-5-1536x1128.png 1536w, https:\/\/www.anais.digital\/wp-content\/uploads\/2024\/05\/image-5-2048x1503.png 2048w\" sizes=\"(max-width: 1024px) 100vw, 1024px\" \/><\/figure>\n\n\n\n<p>SmashingConf Antwerp est une conf\u00e9rence centr\u00e9e sur le design et l&rsquo;UX, destin\u00e9e aux designers et ing\u00e9nieurs UI passionn\u00e9s par le web. Elle aborde des sujets comme l&rsquo;usabilit\u00e9, les syst\u00e8mes de design, le design de produits, et les d\u00e9fis UX.<\/p>\n\n\n\n<p>Cette conf\u00e9rence est l&rsquo;occasion d&rsquo;am\u00e9liorer vos comp\u00e9tences en design de mani\u00e8re dynamique et engageante. L&rsquo;\u00e9v\u00e9nement se d\u00e9roule \u00e0 Anvers, Belgique, du 28 au 31 octobre 2024, et propose des conf\u00e9rences, des ateliers pratiques, ainsi que des activit\u00e9s de r\u00e9seautage comme des courses matinales et des promenades \u00e0 la d\u00e9couverte des gaufres locales.<\/p>\n\n\n\n<p><strong>Intervenants \u00e0 ne pas manquer :<\/strong><\/p>\n\n\n\n<ol class=\"wp-block-list\">\n<li><strong>Christine Vallaure<\/strong> dirigera un atelier intitul\u00e9 \u00ab\u00a0Figma Deep Dive\u00a0\u00bb, se concentrant sur la conception UI responsive avec Figma.<\/li>\n\n\n\n<li><strong>Nick Desbarats<\/strong> proposera \u00ab\u00a0Practical Chart Masterclass\u00a0\u00bb, enseignant des comp\u00e9tences essentielles pour concevoir des graphiques clairs et professionnels.<\/li>\n\n\n\n<li><strong>Vitaly Friedman<\/strong> animera deux ateliers: \u00ab\u00a0Designing For Complex UIs, 2024 Edition\u00a0\u00bb sur l&rsquo;architecture d&rsquo;interfaces complexes et \u00ab\u00a0Smart Interface Design Patterns, 2024 Edition\u00a0\u00bb pour \u00e9tudier des d\u00e9fis UX communs.<\/li>\n\n\n\n<li><strong>Nathan Curtis<\/strong> pr\u00e9sentera \u00ab\u00a0Design System Planning and Process\u00a0\u00bb, ax\u00e9 sur la gestion efficace des syst\u00e8mes de design.<\/li>\n<\/ol>\n\n\n\n<p><strong>O\u00f9 :<\/strong>&nbsp;SmashingConf Antwerp 2024 se tiendra au magnifique th\u00e9\u00e2tre Bourla \u00e0 Anvers, Belgique. L&rsquo;\u00e9v\u00e9nement propose \u00e9galement une option de participation en ligne.<\/p>\n\n\n\n<p><strong>Quand :&nbsp;<\/strong>La conf\u00e9rence se d\u00e9roule du 28 au 31 octobre 2024, incluant deux jours de conf\u00e9rences et de nombreux ateliers pratiques.<\/p>\n\n\n\n<p><strong>Id\u00e9al pour :&nbsp;<\/strong>Ce rendez-vous est parfait pour les designers, les ing\u00e9nieurs UI, et ceux qui sont passionn\u00e9s par l&rsquo;UX et le design. Avec une approche pratique et interactive, il est particuli\u00e8rement adapt\u00e9 \u00e0 ceux qui cherchent \u00e0 approfondir leurs comp\u00e9tences en design et en UX dans un environnement convivial et inclusif.<\/p>\n\n\n\n<p>Pour plus de d\u00e9tails sur ces ateliers, vous pouvez visiter&nbsp;<a href=\"https:\/\/smashingconf.com\/antwerp-2024\" target=\"_blank\" rel=\"noopener\">SmashingConf Antwerp 2024<\/a>.<\/p>\n\n\n\n<h2 class=\"wp-block-heading\"><strong>UX Brighton : UX &amp; AI | 1 novembre 2024 | Brighton, Royaume-Uni<\/strong><\/h2>\n\n\n\n<figure class=\"wp-block-image size-large\"><img loading=\"lazy\" decoding=\"async\" width=\"1024\" height=\"418\" src=\"https:\/\/www.anais.digital\/wp-content\/uploads\/2024\/05\/image-6-1024x418.png\" alt=\"\" class=\"wp-image-4747\" srcset=\"https:\/\/www.anais.digital\/wp-content\/uploads\/2024\/05\/image-6-1024x418.png 1024w, https:\/\/www.anais.digital\/wp-content\/uploads\/2024\/05\/image-6-300x122.png 300w, https:\/\/www.anais.digital\/wp-content\/uploads\/2024\/05\/image-6-768x313.png 768w, https:\/\/www.anais.digital\/wp-content\/uploads\/2024\/05\/image-6-1536x626.png 1536w, https:\/\/www.anais.digital\/wp-content\/uploads\/2024\/05\/image-6.png 1552w\" sizes=\"(max-width: 1024px) 100vw, 1024px\" \/><\/figure>\n\n\n\n<p>UX Brighton 2024 est l&rsquo;\u00e9v\u00e9nement incontournable pour les professionnels de l&rsquo;UX qui cherchent \u00e0 comprendre clairement le r\u00f4le de l&rsquo;IA dans ce domaine en constante \u00e9volution. Cette conf\u00e9rence d&rsquo;une journ\u00e9e offre une opportunit\u00e9 essentielle aux designers, chercheurs et gestionnaires de tous niveaux de comprendre le r\u00f4le pratique de l&rsquo;IA dans l&rsquo;UX.<\/p>\n\n\n\n<p>Des professionnels exp\u00e9riment\u00e9s et des universitaires discuteront des applications pratiques de l&rsquo;IA dans l&rsquo;UX, fournissant des informations sur les cadres, les principes et les outils de l&rsquo;IA directement pertinents pour le travail quotidien en UX. Cette approche pragmatique vise \u00e0 apaiser les inqui\u00e9tudes concernant l&rsquo;IA, offrant une vision plus claire de la mani\u00e8re dont l&rsquo;IA peut am\u00e9liorer la pratique de l&rsquo;UX.<\/p>\n\n\n\n<p>Les participants b\u00e9n\u00e9ficieront d&rsquo;un apprentissage structur\u00e9, d&rsquo;un r\u00e9seautage avec des pairs confront\u00e9s \u00e0 des d\u00e9fis similaires et de discussions approfondies sur l&rsquo;IA dans l&rsquo;UX. L&rsquo;\u00e9v\u00e9nement vise \u00e0 doter les participants de connaissances pouvant \u00eatre imm\u00e9diatement appliqu\u00e9es \u00e0 leur travail, renfor\u00e7ant ainsi leurs comp\u00e9tences et leur employabilit\u00e9.<\/p>\n\n\n\n<p>Cet \u00e9v\u00e9nement permet aux participants d&rsquo;acqu\u00e9rir des connaissances pratiques sur l&rsquo;IA, \u00e9tablir des liens avec des UX designers, chercheurs, gestionnaires et d\u00e9veloppeurs partageant les m\u00eames id\u00e9es, et am\u00e9liorer votre carri\u00e8re en UX dans un environnement stimulant et convivial.<\/p>\n\n\n\n<p><strong>O\u00f9 :<\/strong> Brighton Dome Concert Hall, BN1 1UE Royaume-Uni<\/p>\n\n\n\n<p><strong>Quand : <\/strong>1er novembre 2024<\/p>\n\n\n\n<p><strong>Id\u00e9al pour :<\/strong> Chefs de produit, professionnels de l&rsquo;UX<\/p>\n\n\n\n<p><strong>Intervenants \u00e0 ne pas manquer :<\/strong><\/p>\n\n\n\n<ol class=\"wp-block-list\">\n<li><strong>Glenn Jones : <\/strong>Glenn est un fondateur technologique et conseiller passionn\u00e9 par l&rsquo;int\u00e9gration transparente du design UX, du leadership produit et de la r\u00e9flexion strat\u00e9gique, intervenant du th\u00e8me \u00ab\u00a0Human conversations with grids of numbers \u00ab\u00a0<\/li>\n\n\n\n<li><strong>Man\u00fa Bartlett &amp; Ewa Koc : <\/strong>Man\u00fa est une chercheuse en UX avec plus de 6 ans d&rsquo;exp\u00e9rience, sp\u00e9cialis\u00e9e dans l&rsquo;observation des utilisateurs pour des organisations de microfinance et des gouvernements.<\/li>\n<\/ol>\n\n\n\n<p>Programme et inscriptions pour <a href=\"https:\/\/uxbri.org\/\" target=\"_blank\" rel=\"noopener\">UX Brighton 2024<\/a><\/p>\n\n\n\n<h2 class=\"wp-block-heading\"><strong>PUSH UX 2024 | 7\u20138 Novembre 2024 | Munich, Allemagne<\/strong><\/h2>\n\n\n\n<figure class=\"wp-block-image size-large\"><img loading=\"lazy\" decoding=\"async\" width=\"1024\" height=\"383\" src=\"https:\/\/www.anais.digital\/wp-content\/uploads\/2024\/05\/image-7-1024x383.png\" alt=\"\" class=\"wp-image-4750\" srcset=\"https:\/\/www.anais.digital\/wp-content\/uploads\/2024\/05\/image-7-1024x383.png 1024w, https:\/\/www.anais.digital\/wp-content\/uploads\/2024\/05\/image-7-300x112.png 300w, https:\/\/www.anais.digital\/wp-content\/uploads\/2024\/05\/image-7-768x287.png 768w, https:\/\/www.anais.digital\/wp-content\/uploads\/2024\/05\/image-7-1536x575.png 1536w, https:\/\/www.anais.digital\/wp-content\/uploads\/2024\/05\/image-7.png 1862w\" sizes=\"(max-width: 1024px) 100vw, 1024px\" \/><\/figure>\n\n\n\n<p>La 12e \u00e9dition de PUSH UX 2024, la principale conf\u00e9rence sur l&rsquo;UX en Allemagne, se d\u00e9roulera sur deux jours \u00e0 Munich. Plus de 600 leaders de l&rsquo;UX, professionnels du design, innovateurs centr\u00e9s sur les produits et technologistes cr\u00e9atifs de la r\u00e9gion et d&rsquo;ailleurs sont attendus pour cet \u00e9v\u00e9nement afin d&rsquo;apprendre, de partager et d&rsquo;\u00e9changer des id\u00e9es sur tous les aspects de l&rsquo;UX.<\/p>\n\n\n\n<p>En plus des discours et des discussions en panel, des ateliers pr\u00e9conf\u00e9rence en option seront propos\u00e9s pour ceux qui souhaitent participer \u00e0 des activit\u00e9s pratiques avant le d\u00e9but de la conf\u00e9rence.&nbsp;Le programme de PUSH est con\u00e7u pour \u00eatre pertinent pour chaque professionnel de l&rsquo;UX, quel que soit son r\u00f4le ou son industrie. Cela vous offre un excellent m\u00e9lange de personnes avec des parcours similaires et diff\u00e9rents.<\/p>\n\n\n\n<p><strong>Intervenants \u00e0 ne pas manquer :<\/strong><\/p>\n\n\n\n<ol class=\"wp-block-list\">\n<li><strong>Pablo Stanley<\/strong> &#8211; fondateur de Musho &amp; Lummi, abordera la session \u00ab\u00a0The Dunning-Krueger Effect in Design\u00a0\u00bb<\/li>\n\n\n\n<li><strong>Oliver Sch\u00f6ndorfer<\/strong> &#8211; Expert renomm\u00e9 en typographie et concepteur ind\u00e9pendant d&rsquo;interfaces utilisateur et d&rsquo;applications en Autriche, discutant de \u00ab\u00a0Typographer vs. Accessibility\u00a0\u00bb<\/li>\n\n\n\n<li><strong>Julia Bastian <\/strong>&#8211; Product Lead &#8211; Recherche et innovation chez Alasco, intervenant sur le th\u00e8me \u00ab\u00a0Unlocking the Potential of B2B Discovery\u00a0\u00bb<\/li>\n<\/ol>\n\n\n\n<p><strong>O\u00f9 :<\/strong> Ancienne salle des congr\u00e8s,&nbsp;Am Bavariapark 14,&nbsp;80339 Munich<\/p>\n\n\n\n<p><strong>Quand : <\/strong>7 et 8 novembre 2024<\/p>\n\n\n\n<p><strong>Id\u00e9al pour :<\/strong> Tous les passionn\u00e9s du design UX et de la recherche UX, qu&rsquo;ils soient d\u00e9butants ou professionnels.<\/p>\n\n\n\n<p>Programme et inscriptions pour <strong><a href=\"https:\/\/push-conference.com\/ux-2024\/\" target=\"_blank\" rel=\"noreferrer noopener\">Push UX 2024<\/a><\/strong>.<\/p>\n\n\n\n<h2 class=\"wp-block-heading\">Web Summit | 11\u201314 Novembre 2024 | Lisbonne<\/h2>\n\n\n\n<figure class=\"wp-block-image size-large\"><img loading=\"lazy\" decoding=\"async\" width=\"1024\" height=\"458\" src=\"https:\/\/www.anais.digital\/wp-content\/uploads\/2024\/05\/Capture-decran-2024-05-24-061613-1024x458.png\" alt=\"Web Summit\" class=\"wp-image-4796\" srcset=\"https:\/\/www.anais.digital\/wp-content\/uploads\/2024\/05\/Capture-decran-2024-05-24-061613-1024x458.png 1024w, https:\/\/www.anais.digital\/wp-content\/uploads\/2024\/05\/Capture-decran-2024-05-24-061613-300x134.png 300w, https:\/\/www.anais.digital\/wp-content\/uploads\/2024\/05\/Capture-decran-2024-05-24-061613-768x344.png 768w, https:\/\/www.anais.digital\/wp-content\/uploads\/2024\/05\/Capture-decran-2024-05-24-061613-1536x687.png 1536w, https:\/\/www.anais.digital\/wp-content\/uploads\/2024\/05\/Capture-decran-2024-05-24-061613.png 1719w\" sizes=\"(max-width: 1024px) 100vw, 1024px\" \/><\/figure>\n\n\n\n<p>Le Web Summit est reconnu mondialement comme l&rsquo;une des conf\u00e9rences technologiques les plus prestigieuses. Politico le d\u00e9crit comme \u00ab\u00a0la premi\u00e8re conf\u00e9rence technologique mondiale\u00a0\u00bb, The Atlantic le qualifie de \u00ab\u00a0l\u00e0 o\u00f9 na\u00eet le futur\u00a0\u00bb, et le New York Times le d\u00e9signe comme \u00ab\u00a0un grand conclave des grands pr\u00eatres de l&rsquo;industrie technologique\u00a0\u00bb.<\/p>\n\n\n\n<p>En cette p\u00e9riode marqu\u00e9e par des incertitudes significatives dans diverses industries et dans le monde en g\u00e9n\u00e9ral, le Web Summit rassemble des d\u00e9cideurs politiques, des chefs d&rsquo;\u00c9tat, des fondateurs et des PDG d&rsquo;entreprises technologiques et de startups en pleine croissance. Cette rencontre vise \u00e0 aborder la question cruciale : Quelle est la prochaine \u00e9tape ?<\/p>\n\n\n\n<p>Le Web Summit, avec 50 intervenants et les plus grands noms de la technologie, r\u00e9unira plus de 70 000 participants ce novembre pour mettre en lumi\u00e8re les entreprises qui red\u00e9finissent l&rsquo;industrie.<\/p>\n\n\n\n<p><strong>Intervenants \u00e0 ne pas manquer :<\/strong><\/p>\n\n\n\n<ol class=\"wp-block-list\">\n<li><strong>Brad Smith<\/strong> &#8211; Pr\u00e9sident et vice-pr\u00e9sident chez Microsoft<\/li>\n\n\n\n<li><strong>Jessica Sibley<\/strong> &#8211; PDG de TIME<\/li>\n\n\n\n<li><strong>Cristiano Amon<\/strong> &#8211; PDG et Pr\u00e9sident de Qualcomm<\/li>\n\n\n\n<li><strong>Deborah Archer <\/strong>&#8211; Pr\u00e9sidente de l&rsquo;ACLU<\/li>\n\n\n\n<li><strong>Hovhannes Avoyan<\/strong> &#8211; Fondateur et PDG de Picsart<\/li>\n<\/ol>\n\n\n\n<p><strong>O\u00f9 :<\/strong> Lisbonne<\/p>\n\n\n\n<p><strong>Quand : <\/strong>11\u201314 novembre 2024<\/p>\n\n\n\n<p><strong>Id\u00e9al pour :<\/strong> Les professionnels de la technologie, startups et entrepreneurs, investisseurs, d\u00e9cideurs politiques et chefs d&rsquo;\u00c9tat, chercheurs et universitaires, ainsi qu&rsquo;aux m\u00e9dias et passionn\u00e9s de technologie.<\/p>\n\n\n\n<p>Programme et inscriptions pour <strong><a href=\"https:\/\/websummit.com\/\" target=\"_blank\" rel=\"noreferrer noopener\">Web Summit<\/a><\/strong>.<\/p>\n","protected":false},"excerpt":{"rendered":"<p>L&rsquo;univers de l&rsquo;UX Design et des technologies \u00e9volue \u00e0 un rythme effr\u00e9n\u00e9. Pour rester \u00e0 la pointe dans ces domaines, il faut non seulement acqu\u00e9rir des bases solides, mais \u00e9galement suivre constamment derni\u00e8res tendances, tester les nouveaux outils et se tenir \u00e0 jour sur les nouvelles bonnes pratiques. Participer \u00e0 des conf\u00e9rences est une des [&hellip;]<\/p>\n","protected":false},"author":1,"featured_media":5357,"comment_status":"closed","ping_status":"open","sticky":false,"template":"","format":"standard","meta":{"_acf_changed":false,"content-type":"","rank_math_lock_modified_date":false,"footnotes":""},"categories":[57],"tags":[],"class_list":["post-4728","post","type-post","status-publish","format-standard","has-post-thumbnail","hentry","category-ux-fr"],"acf":[],"_links":{"self":[{"href":"https:\/\/www.anais.digital\/fr\/wp-json\/wp\/v2\/posts\/4728","targetHints":{"allow":["GET"]}}],"collection":[{"href":"https:\/\/www.anais.digital\/fr\/wp-json\/wp\/v2\/posts"}],"about":[{"href":"https:\/\/www.anais.digital\/fr\/wp-json\/wp\/v2\/types\/post"}],"author":[{"embeddable":true,"href":"https:\/\/www.anais.digital\/fr\/wp-json\/wp\/v2\/users\/1"}],"replies":[{"embeddable":true,"href":"https:\/\/www.anais.digital\/fr\/wp-json\/wp\/v2\/comments?post=4728"}],"version-history":[{"count":0,"href":"https:\/\/www.anais.digital\/fr\/wp-json\/wp\/v2\/posts\/4728\/revisions"}],"wp:featuredmedia":[{"embeddable":true,"href":"https:\/\/www.anais.digital\/fr\/wp-json\/wp\/v2\/media\/5357"}],"wp:attachment":[{"href":"https:\/\/www.anais.digital\/fr\/wp-json\/wp\/v2\/media?parent=4728"}],"wp:term":[{"taxonomy":"category","embeddable":true,"href":"https:\/\/www.anais.digital\/fr\/wp-json\/wp\/v2\/categories?post=4728"},{"taxonomy":"post_tag","embeddable":true,"href":"https:\/\/www.anais.digital\/fr\/wp-json\/wp\/v2\/tags?post=4728"}],"curies":[{"name":"wp","href":"https:\/\/api.w.org\/{rel}","templated":true}]}}